{"id":15131,"date":"2020-11-12T15:26:43","date_gmt":"2020-11-12T20:26:43","guid":{"rendered":"https:\/\/www.transy.edu\/1780\/?p=15131"},"modified":"2020-11-12T17:46:22","modified_gmt":"2020-11-12T22:46:22","slug":"transylvania-to-celebrate-international-education-week","status":"publish","type":"post","link":"https:\/\/www.transy.edu\/1780\/2020\/11\/transylvania-to-celebrate-international-education-week\/","title":{"rendered":"Transylvania to celebrate global learning during International Education Week"},"content":{"rendered":"\n<figure class=\"wp-block-image size-large\"><img loading=\"lazy\" decoding=\"async\" width=\"810\" height=\"401\" src=\"https:\/\/www.transy.edu\/1780\/wp-content\/uploads\/sites\/14\/2020\/11\/abroad-810x401.jpg\" alt=\"\" class=\"wp-image-15135\" srcset=\"https:\/\/www.transy.edu\/1780\/wp-content\/uploads\/sites\/14\/2020\/11\/abroad-810x401.jpg 810w, https:\/\/www.transy.edu\/1780\/wp-content\/uploads\/sites\/14\/2020\/11\/abroad-350x173.jpg 350w, https:\/\/www.transy.edu\/1780\/wp-content\/uploads\/sites\/14\/2020\/11\/abroad-730x362.jpg 730w, https:\/\/www.transy.edu\/1780\/wp-content\/uploads\/sites\/14\/2020\/11\/abroad-768x380.jpg 768w, https:\/\/www.transy.edu\/1780\/wp-content\/uploads\/sites\/14\/2020\/11\/abroad-300x149.jpg 300w, https:\/\/www.transy.edu\/1780\/wp-content\/uploads\/sites\/14\/2020\/11\/abroad.jpg 1050w\" sizes=\"auto, (max-width: 810px) 100vw, 810px\" \/><\/figure>\n\n\n\n<p>Transylvania University&#8217;s Office of Global and Intercultural Engagement is bringing International Education Week to the campus community from Nov. 16-20 with a full schedule of virtual events, social media takeovers, special international-themed meals in the Great Hall and information on future study abroad opportunities.<\/p>\n\n\n\n<div class=\"wp-block-image\"><figure class=\"alignright size-large is-resized\"><img loading=\"lazy\" decoding=\"async\" src=\"https:\/\/www.transy.edu\/1780\/wp-content\/uploads\/sites\/14\/2020\/11\/studyabroad2-607x810.jpg\" alt=\"\" class=\"wp-image-15145\" width=\"359\" height=\"479\" srcset=\"https:\/\/www.transy.edu\/1780\/wp-content\/uploads\/sites\/14\/2020\/11\/studyabroad2-607x810.jpg 607w, https:\/\/www.transy.edu\/1780\/wp-content\/uploads\/sites\/14\/2020\/11\/studyabroad2-262x350.jpg 262w, https:\/\/www.transy.edu\/1780\/wp-content\/uploads\/sites\/14\/2020\/11\/studyabroad2-547x730.jpg 547w, https:\/\/www.transy.edu\/1780\/wp-content\/uploads\/sites\/14\/2020\/11\/studyabroad2-768x1024.jpg 768w, https:\/\/www.transy.edu\/1780\/wp-content\/uploads\/sites\/14\/2020\/11\/studyabroad2-1152x1536.jpg 1152w, https:\/\/www.transy.edu\/1780\/wp-content\/uploads\/sites\/14\/2020\/11\/studyabroad2-225x300.jpg 225w, https:\/\/www.transy.edu\/1780\/wp-content\/uploads\/sites\/14\/2020\/11\/studyabroad2.jpg 1367w\" sizes=\"auto, (max-width: 359px) 100vw, 359px\" \/><figcaption>Monique Johnson &#8217;21 in London, England<br><\/figcaption><\/figure><\/div>\n\n\n\n<p>The celebration is a chance to highlight the benefits of a global education whether in the classroom or through an internship or research abroad.<\/p>\n\n\n\n<p>During International Education Week, students, faculty and staff are encouraged to think globally. An international education is so much more than just travel \u2014 it\u2019s getting involved in the international community in your own city; it\u2019s taking courses that bring you outside of your comfort zone and transport you to a different part of the world; and it\u2019s gaining the skills required to become compassionate and empathetic global leaders.<\/p>\n\n\n\n<p>The Office of Global and Intercultural Engagement encourages the Transy community to engage in the spirit of International Education Week and share their international stories and experiences with one another. They also should check out Tnotes, the campus morning announcements, for reminders of each day\u2019s events, as well as the international menu in the cafeteria. Follow along with on Instagram (<a href=\"https:\/\/www.instagram.com\/transyabroad\/\">@transyabroad<\/a>) and Facebook (<a href=\"https:\/\/www.facebook.com\/TransyStudyAbroad\/\">Transylvania University Study Abroad<\/a>).<\/p>\n\n\n\n<p><\/p>\n\n\n\n<h1 class=\"wp-block-heading\"><strong>International Education Week Schedule<\/strong><\/h1>\n\n\n\n<p><strong>Monday<\/strong><br>&#8211; Get a glimpse of life in the Czech Republic through a <a href=\"https:\/\/www.instagram.com\/transyabroad\/\">study abroad Instagram<\/a> takeover with Transy alumna Katelyn Nienaber &#8217;17.<br>&#8211; International meal: Indonesian<\/p>\n\n\n\n<p><strong>Tuesday<\/strong><br>&#8211; Explore Denmark during an Instagram takeover by Transy alumna Hannah Johnson &#8217;13.<br>&#8211; International meal: Sri Lankan<\/p>\n\n\n\n<p><strong>Wednesday<\/strong><br>&#8211; Learn about the island of Cyprus during an Instagram takeover by Aysel Dilara Kasam.<br>&#8211; \u201cTransy Travels: South Africa,\u201d the second installation of our <a href=\"https:\/\/www.transy.edu\/1780\/2020\/10\/global-and-intercultural-engagement-offers-virtual-journeys-via-transy-travels\/\">Google Earth virtual tours<\/a><br>&#8211; International meal: Russian<\/p>\n\n\n\n<p><strong>Thursday<\/strong><br>&#8211; Join us at 6 p.m. for International Trivia Night, and test your knowledge of all things global for a chance to win a prize!<br>&#8211; Check out our Instagram to learn out about Slovakia throughout the day with Ter\u00e9zia Janc\u00edkov\u00e1.<\/p>\n\n\n\n<p><strong>Friday<\/strong><br>&#8211; Find out about possible study abroad options for summer 2021 (pandemic permitting) on our Instagram page.<br>&#8211; International meal: German<\/p>\n","protected":false},"excerpt":{"rendered":"<p>Transylvania&#8217;s Office of Global and Intercultural Engagement is bringing International Education Week to campus from Nov. 16-20 with a full schedule of virtual events, social media takeovers, special international-themed meals in the Great Hall and information on future study abroad opportunities.<\/p>\n","protected":false},"author":26,"featured_media":15135,"comment_status":"closed","ping_status":"closed","sticky":false,"template":"","format":"standard","meta":{"_relevanssi_hide_post":"","_relevanssi_hide_content":"","_relevanssi_pin_for_all":"","_relevanssi_pin_keywords":"","_relevanssi_unpin_keywords":"","_relevanssi_related_keywords":"","_relevanssi_related_include_ids":"","_relevanssi_related_exclude_ids":"","_relevanssi_related_no_append":"","_relevanssi_related_not_related":"","_relevanssi_related_posts":"1751,5467,11748,12459,6327,1814","_relevanssi_noindex_reason":"","jetpack_post_was_ever_published":false,"_jetpack_newsletter_access":"","_jetpack_dont_email_post_to_subs":false,"_jetpack_newsletter_tier_id":0,"_jetpack_memberships_contains_paywalled_content":false,"_jetpack_memberships_contains_paid_content":false,"footnotes":"","_links_to":"","_links_to_target":""},"categories":[353],"tags":[613],"feeds":[],"class_list":["post-15131","post","type-post","status-publish","format-standard","has-post-thumbnail","hentry","category-study-abroad","tag-international-education-week"],"yoast_head":"<!-- This site is optimized with the Yoast SEO Premium plugin v27.3 (Yoast SEO v27.4) - https:\/\/yoast.com\/product\/yoast-seo-premium-wordpress\/ -->\n<title>Transylvania to celebrate global learning during International Education Week - Transylvania University - 1780<\/title>\n<meta name=\"description\" content=\"Transylvania&#039;s Office of Global and Intercultural Engagement is bringing International Education Week to campus from Nov. 16-20 with a full schedule of virtual events, social media takeovers, special international-themed meals in the Great Hall and information on future study abroad opportunities.\" \/>\n<meta name=\"robots\" content=\"index, follow, max-snippet:-1, max-image-preview:large, max-video-preview:-1\" \/>\n<link rel=\"canonical\" href=\"https:\/\/www.transy.edu\/1780\/2020\/11\/transylvania-to-celebrate-international-education-week\/\" \/>\n<meta property=\"og:locale\" content=\"en_US\" \/>\n<meta property=\"og:type\" content=\"article\" \/>\n<meta property=\"og:title\" content=\"Transylvania to celebrate global learning during International Education Week\" \/>\n<meta property=\"og:description\" content=\"Transylvania&#039;s Office of Global and Intercultural Engagement is bringing International Education Week to campus from Nov. 16-20 with a full schedule of virtual events, social media takeovers, special international-themed meals in the Great Hall and information on future study abroad opportunities.\" \/>\n<meta property=\"og:url\" content=\"https:\/\/www.transy.edu\/1780\/2020\/11\/transylvania-to-celebrate-international-education-week\/\" \/>\n<meta property=\"og:site_name\" content=\"1780\" \/>\n<meta property=\"article:publisher\" content=\"https:\/\/www.facebook.com\/transylvaniauniversity\" \/>\n<meta property=\"article:published_time\" content=\"2020-11-12T20:26:43+00:00\" \/>\n<meta property=\"article:modified_time\" content=\"2020-11-12T22:46:22+00:00\" \/>\n<meta property=\"og:image\" content=\"https:\/\/www.transy.edu\/1780\/wp-content\/uploads\/sites\/14\/2020\/11\/abroad.jpg\" \/>\n\t<meta property=\"og:image:width\" content=\"1050\" \/>\n\t<meta property=\"og:image:height\" content=\"520\" \/>\n\t<meta property=\"og:image:type\" content=\"image\/jpeg\" \/>\n<meta name=\"author\" content=\"The Office of Global and Intercultural Engagement\" \/>\n<meta name=\"twitter:card\" content=\"summary_large_image\" \/>\n<meta name=\"twitter:creator\" content=\"@transy\" \/>\n<meta name=\"twitter:site\" content=\"@transy\" \/>\n<meta name=\"twitter:label1\" content=\"Written by\" \/>\n\t<meta name=\"twitter:data1\" content=\"The Office of Global and Intercultural Engagement\" \/>\n\t<meta name=\"twitter:label2\" content=\"Est. reading time\" \/>\n\t<meta name=\"twitter:data2\" content=\"2 minutes\" \/>\n<script type=\"application\/ld+json\" class=\"yoast-schema-graph\">{\"@context\":\"https:\\\/\\\/schema.org\",\"@graph\":[{\"@type\":\"Article\",\"@id\":\"https:\\\/\\\/www.transy.edu\\\/1780\\\/2020\\\/11\\\/transylvania-to-celebrate-international-education-week\\\/#article\",\"isPartOf\":{\"@id\":\"https:\\\/\\\/www.transy.edu\\\/1780\\\/2020\\\/11\\\/transylvania-to-celebrate-international-education-week\\\/\"},\"author\":{\"name\":\"The Office of Global and Intercultural Engagement\",\"@id\":\"https:\\\/\\\/www.transy.edu\\\/1780\\\/#\\\/schema\\\/person\\\/ca79b6f803e3c4248f9c8c400ab70523\"},\"headline\":\"Transylvania to celebrate global learning during International Education Week\",\"datePublished\":\"2020-11-12T20:26:43+00:00\",\"dateModified\":\"2020-11-12T22:46:22+00:00\",\"mainEntityOfPage\":{\"@id\":\"https:\\\/\\\/www.transy.edu\\\/1780\\\/2020\\\/11\\\/transylvania-to-celebrate-international-education-week\\\/\"},\"wordCount\":369,\"image\":{\"@id\":\"https:\\\/\\\/www.transy.edu\\\/1780\\\/2020\\\/11\\\/transylvania-to-celebrate-international-education-week\\\/#primaryimage\"},\"thumbnailUrl\":\"https:\\\/\\\/www.transy.edu\\\/1780\\\/wp-content\\\/uploads\\\/sites\\\/14\\\/2020\\\/11\\\/abroad.jpg\",\"keywords\":[\"International Education Week\"],\"articleSection\":[\"Study Abroad\"],\"inLanguage\":\"en-US\"},{\"@type\":\"WebPage\",\"@id\":\"https:\\\/\\\/www.transy.edu\\\/1780\\\/2020\\\/11\\\/transylvania-to-celebrate-international-education-week\\\/\",\"url\":\"https:\\\/\\\/www.transy.edu\\\/1780\\\/2020\\\/11\\\/transylvania-to-celebrate-international-education-week\\\/\",\"name\":\"Transylvania to celebrate global learning during International Education Week - Transylvania University - 1780\",\"isPartOf\":{\"@id\":\"https:\\\/\\\/www.transy.edu\\\/1780\\\/#website\"},\"primaryImageOfPage\":{\"@id\":\"https:\\\/\\\/www.transy.edu\\\/1780\\\/2020\\\/11\\\/transylvania-to-celebrate-international-education-week\\\/#primaryimage\"},\"image\":{\"@id\":\"https:\\\/\\\/www.transy.edu\\\/1780\\\/2020\\\/11\\\/transylvania-to-celebrate-international-education-week\\\/#primaryimage\"},\"thumbnailUrl\":\"https:\\\/\\\/www.transy.edu\\\/1780\\\/wp-content\\\/uploads\\\/sites\\\/14\\\/2020\\\/11\\\/abroad.jpg\",\"datePublished\":\"2020-11-12T20:26:43+00:00\",\"dateModified\":\"2020-11-12T22:46:22+00:00\",\"author\":{\"@id\":\"https:\\\/\\\/www.transy.edu\\\/1780\\\/#\\\/schema\\\/person\\\/ca79b6f803e3c4248f9c8c400ab70523\"},\"description\":\"Transylvania's Office of Global and Intercultural Engagement is bringing International Education Week to campus from Nov. 16-20 with a full schedule of virtual events, social media takeovers, special international-themed meals in the Great Hall and information on future study abroad opportunities.\",\"breadcrumb\":{\"@id\":\"https:\\\/\\\/www.transy.edu\\\/1780\\\/2020\\\/11\\\/transylvania-to-celebrate-international-education-week\\\/#breadcrumb\"},\"inLanguage\":\"en-US\",\"potentialAction\":[{\"@type\":\"ReadAction\",\"target\":[\"https:\\\/\\\/www.transy.edu\\\/1780\\\/2020\\\/11\\\/transylvania-to-celebrate-international-education-week\\\/\"]}]},{\"@type\":\"ImageObject\",\"inLanguage\":\"en-US\",\"@id\":\"https:\\\/\\\/www.transy.edu\\\/1780\\\/2020\\\/11\\\/transylvania-to-celebrate-international-education-week\\\/#primaryimage\",\"url\":\"https:\\\/\\\/www.transy.edu\\\/1780\\\/wp-content\\\/uploads\\\/sites\\\/14\\\/2020\\\/11\\\/abroad.jpg\",\"contentUrl\":\"https:\\\/\\\/www.transy.edu\\\/1780\\\/wp-content\\\/uploads\\\/sites\\\/14\\\/2020\\\/11\\\/abroad.jpg\",\"width\":1050,\"height\":520,\"caption\":\"someone taking photo\"},{\"@type\":\"BreadcrumbList\",\"@id\":\"https:\\\/\\\/www.transy.edu\\\/1780\\\/2020\\\/11\\\/transylvania-to-celebrate-international-education-week\\\/#breadcrumb\",\"itemListElement\":[{\"@type\":\"ListItem\",\"position\":1,\"name\":\"Home\",\"item\":\"https:\\\/\\\/www.transy.edu\\\/1780\\\/\"},{\"@type\":\"ListItem\",\"position\":2,\"name\":\"Transylvania to celebrate global learning during International Education Week\"}]},{\"@type\":\"WebSite\",\"@id\":\"https:\\\/\\\/www.transy.edu\\\/1780\\\/#website\",\"url\":\"https:\\\/\\\/www.transy.edu\\\/1780\\\/\",\"name\":\"1780\",\"description\":\"The Official Blog of Transylvania University\",\"potentialAction\":[{\"@type\":\"SearchAction\",\"target\":{\"@type\":\"EntryPoint\",\"urlTemplate\":\"https:\\\/\\\/www.transy.edu\\\/1780\\\/?s={search_term_string}\"},\"query-input\":{\"@type\":\"PropertyValueSpecification\",\"valueRequired\":true,\"valueName\":\"search_term_string\"}}],\"inLanguage\":\"en-US\"},{\"@type\":\"Person\",\"@id\":\"https:\\\/\\\/www.transy.edu\\\/1780\\\/#\\\/schema\\\/person\\\/ca79b6f803e3c4248f9c8c400ab70523\",\"name\":\"The Office of Global and Intercultural Engagement\"}]}<\/script>\n<!-- \/ Yoast SEO Premium plugin. -->","yoast_head_json":{"title":"Transylvania to celebrate global learning during International Education Week - Transylvania University - 1780","description":"Transylvania's Office of Global and Intercultural Engagement is bringing International Education Week to campus from Nov. 16-20 with a full schedule of virtual events, social media takeovers, special international-themed meals in the Great Hall and information on future study abroad opportunities.","robots":{"index":"index","follow":"follow","max-snippet":"max-snippet:-1","max-image-preview":"max-image-preview:large","max-video-preview":"max-video-preview:-1"},"canonical":"https:\/\/www.transy.edu\/1780\/2020\/11\/transylvania-to-celebrate-international-education-week\/","og_locale":"en_US","og_type":"article","og_title":"Transylvania to celebrate global learning during International Education Week","og_description":"Transylvania's Office of Global and Intercultural Engagement is bringing International Education Week to campus from Nov. 16-20 with a full schedule of virtual events, social media takeovers, special international-themed meals in the Great Hall and information on future study abroad opportunities.","og_url":"https:\/\/www.transy.edu\/1780\/2020\/11\/transylvania-to-celebrate-international-education-week\/","og_site_name":"1780","article_publisher":"https:\/\/www.facebook.com\/transylvaniauniversity","article_published_time":"2020-11-12T20:26:43+00:00","article_modified_time":"2020-11-12T22:46:22+00:00","og_image":[{"url":"https:\/\/www.transy.edu\/1780\/wp-content\/uploads\/sites\/14\/2020\/11\/abroad.jpg","width":1050,"height":520,"type":"image\/jpeg"}],"author":"The Office of Global and Intercultural Engagement","twitter_card":"summary_large_image","twitter_creator":"@transy","twitter_site":"@transy","twitter_misc":{"Written by":"The Office of Global and Intercultural Engagement","Est. reading time":"2 minutes"},"schema":{"@context":"https:\/\/schema.org","@graph":[{"@type":"Article","@id":"https:\/\/www.transy.edu\/1780\/2020\/11\/transylvania-to-celebrate-international-education-week\/#article","isPartOf":{"@id":"https:\/\/www.transy.edu\/1780\/2020\/11\/transylvania-to-celebrate-international-education-week\/"},"author":{"name":"The Office of Global and Intercultural Engagement","@id":"https:\/\/www.transy.edu\/1780\/#\/schema\/person\/ca79b6f803e3c4248f9c8c400ab70523"},"headline":"Transylvania to celebrate global learning during International Education Week","datePublished":"2020-11-12T20:26:43+00:00","dateModified":"2020-11-12T22:46:22+00:00","mainEntityOfPage":{"@id":"https:\/\/www.transy.edu\/1780\/2020\/11\/transylvania-to-celebrate-international-education-week\/"},"wordCount":369,"image":{"@id":"https:\/\/www.transy.edu\/1780\/2020\/11\/transylvania-to-celebrate-international-education-week\/#primaryimage"},"thumbnailUrl":"https:\/\/www.transy.edu\/1780\/wp-content\/uploads\/sites\/14\/2020\/11\/abroad.jpg","keywords":["International Education Week"],"articleSection":["Study Abroad"],"inLanguage":"en-US"},{"@type":"WebPage","@id":"https:\/\/www.transy.edu\/1780\/2020\/11\/transylvania-to-celebrate-international-education-week\/","url":"https:\/\/www.transy.edu\/1780\/2020\/11\/transylvania-to-celebrate-international-education-week\/","name":"Transylvania to celebrate global learning during International Education Week - Transylvania University - 1780","isPartOf":{"@id":"https:\/\/www.transy.edu\/1780\/#website"},"primaryImageOfPage":{"@id":"https:\/\/www.transy.edu\/1780\/2020\/11\/transylvania-to-celebrate-international-education-week\/#primaryimage"},"image":{"@id":"https:\/\/www.transy.edu\/1780\/2020\/11\/transylvania-to-celebrate-international-education-week\/#primaryimage"},"thumbnailUrl":"https:\/\/www.transy.edu\/1780\/wp-content\/uploads\/sites\/14\/2020\/11\/abroad.jpg","datePublished":"2020-11-12T20:26:43+00:00","dateModified":"2020-11-12T22:46:22+00:00","author":{"@id":"https:\/\/www.transy.edu\/1780\/#\/schema\/person\/ca79b6f803e3c4248f9c8c400ab70523"},"description":"Transylvania's Office of Global and Intercultural Engagement is bringing International Education Week to campus from Nov. 16-20 with a full schedule of virtual events, social media takeovers, special international-themed meals in the Great Hall and information on future study abroad opportunities.","breadcrumb":{"@id":"https:\/\/www.transy.edu\/1780\/2020\/11\/transylvania-to-celebrate-international-education-week\/#breadcrumb"},"inLanguage":"en-US","potentialAction":[{"@type":"ReadAction","target":["https:\/\/www.transy.edu\/1780\/2020\/11\/transylvania-to-celebrate-international-education-week\/"]}]},{"@type":"ImageObject","inLanguage":"en-US","@id":"https:\/\/www.transy.edu\/1780\/2020\/11\/transylvania-to-celebrate-international-education-week\/#primaryimage","url":"https:\/\/www.transy.edu\/1780\/wp-content\/uploads\/sites\/14\/2020\/11\/abroad.jpg","contentUrl":"https:\/\/www.transy.edu\/1780\/wp-content\/uploads\/sites\/14\/2020\/11\/abroad.jpg","width":1050,"height":520,"caption":"someone taking photo"},{"@type":"BreadcrumbList","@id":"https:\/\/www.transy.edu\/1780\/2020\/11\/transylvania-to-celebrate-international-education-week\/#breadcrumb","itemListElement":[{"@type":"ListItem","position":1,"name":"Home","item":"https:\/\/www.transy.edu\/1780\/"},{"@type":"ListItem","position":2,"name":"Transylvania to celebrate global learning during International Education Week"}]},{"@type":"WebSite","@id":"https:\/\/www.transy.edu\/1780\/#website","url":"https:\/\/www.transy.edu\/1780\/","name":"1780","description":"The Official Blog of Transylvania University","potentialAction":[{"@type":"SearchAction","target":{"@type":"EntryPoint","urlTemplate":"https:\/\/www.transy.edu\/1780\/?s={search_term_string}"},"query-input":{"@type":"PropertyValueSpecification","valueRequired":true,"valueName":"search_term_string"}}],"inLanguage":"en-US"},{"@type":"Person","@id":"https:\/\/www.transy.edu\/1780\/#\/schema\/person\/ca79b6f803e3c4248f9c8c400ab70523","name":"The Office of Global and Intercultural Engagement"}]}},"jetpack_featured_media_url":"https:\/\/www.transy.edu\/1780\/wp-content\/uploads\/sites\/14\/2020\/11\/abroad.jpg","jetpack_sharing_enabled":true,"jetpack-related-posts":[{"id":14383,"url":"https:\/\/www.transy.edu\/1780\/2020\/09\/transylvania-virtual-study-abroad-fair-from-sept-8-17\/","url_meta":{"origin":15131,"position":0},"title":"Transylvania Virtual Study Abroad Fair from Sept. 8-17","author":"The Office of Global and Intercultural Engagement","date":"September 2, 2020","format":false,"excerpt":"For when international travel is safe again, the Office of Global and Intercultural Engagement is hosting a Virtual Study Abroad Fair from Sept. 8-17.","rel":"","context":"In &quot;Study Abroad&quot;","block_context":{"text":"Study Abroad","link":"https:\/\/www.transy.edu\/1780\/category\/study-abroad\/"},"img":{"alt_text":"people in front of a pyramid","src":"https:\/\/i0.wp.com\/www.transy.edu\/1780\/wp-content\/uploads\/sites\/14\/2020\/09\/fair2.jpg?resize=350%2C200&ssl=1","width":350,"height":200,"srcset":"https:\/\/i0.wp.com\/www.transy.edu\/1780\/wp-content\/uploads\/sites\/14\/2020\/09\/fair2.jpg?resize=350%2C200&ssl=1 1x, https:\/\/i0.wp.com\/www.transy.edu\/1780\/wp-content\/uploads\/sites\/14\/2020\/09\/fair2.jpg?resize=525%2C300&ssl=1 1.5x, https:\/\/i0.wp.com\/www.transy.edu\/1780\/wp-content\/uploads\/sites\/14\/2020\/09\/fair2.jpg?resize=700%2C400&ssl=1 2x, https:\/\/i0.wp.com\/www.transy.edu\/1780\/wp-content\/uploads\/sites\/14\/2020\/09\/fair2.jpg?resize=1050%2C600&ssl=1 3x, https:\/\/i0.wp.com\/www.transy.edu\/1780\/wp-content\/uploads\/sites\/14\/2020\/09\/fair2.jpg?resize=1400%2C800&ssl=1 4x"},"classes":[]},{"id":21021,"url":"https:\/\/www.transy.edu\/1780\/2022\/11\/transylvania-alumna-helping-pioneers-rediscover-value-of-international-study\/","url_meta":{"origin":15131,"position":1},"title":"Transylvania alumna helping Pioneers rediscover value of international study","author":"John Friedlein","date":"November 8, 2022","format":false,"excerpt":"Transylvania's new director of global and intercultural engagement, Rachel Wilson, is a 2007 graduate with a wealth of experience in international education.","rel":"","context":"In &quot;Academics&quot;","block_context":{"text":"Academics","link":"https:\/\/www.transy.edu\/1780\/category\/academics\/"},"img":{"alt_text":"","src":"https:\/\/i0.wp.com\/www.transy.edu\/1780\/wp-content\/uploads\/sites\/14\/2022\/11\/transylvania_rachel_wilson-copy.png?resize=350%2C200&ssl=1","width":350,"height":200,"srcset":"https:\/\/i0.wp.com\/www.transy.edu\/1780\/wp-content\/uploads\/sites\/14\/2022\/11\/transylvania_rachel_wilson-copy.png?resize=350%2C200&ssl=1 1x, https:\/\/i0.wp.com\/www.transy.edu\/1780\/wp-content\/uploads\/sites\/14\/2022\/11\/transylvania_rachel_wilson-copy.png?resize=525%2C300&ssl=1 1.5x, https:\/\/i0.wp.com\/www.transy.edu\/1780\/wp-content\/uploads\/sites\/14\/2022\/11\/transylvania_rachel_wilson-copy.png?resize=700%2C400&ssl=1 2x, https:\/\/i0.wp.com\/www.transy.edu\/1780\/wp-content\/uploads\/sites\/14\/2022\/11\/transylvania_rachel_wilson-copy.png?resize=1050%2C600&ssl=1 3x"},"classes":[]},{"id":22309,"url":"https:\/\/www.transy.edu\/1780\/2023\/07\/big-dreams-big-plans-on-itinerary-for-transylvania-study-abroad\/","url_meta":{"origin":15131,"position":2},"title":"&#8216;Big dreams, big plans&#8217; on itinerary for Transylvania study abroad","author":"Office of Alumni &amp; Development","date":"July 19, 2023","format":false,"excerpt":"Rachel Wilson '07, Transylvania's director of global and intercultural engagement, discusses what study abroad looks like in 2023 \u2014 and the wide range of opportunities available to students.","rel":"","context":"In &quot;Study Abroad&quot;","block_context":{"text":"Study Abroad","link":"https:\/\/www.transy.edu\/1780\/category\/study-abroad\/"},"img":{"alt_text":"person traveling","src":"https:\/\/i0.wp.com\/www.transy.edu\/1780\/wp-content\/uploads\/sites\/14\/2023\/07\/transylvania_wilson_feature-1.jpg?resize=350%2C200&ssl=1","width":350,"height":200,"srcset":"https:\/\/i0.wp.com\/www.transy.edu\/1780\/wp-content\/uploads\/sites\/14\/2023\/07\/transylvania_wilson_feature-1.jpg?resize=350%2C200&ssl=1 1x, https:\/\/i0.wp.com\/www.transy.edu\/1780\/wp-content\/uploads\/sites\/14\/2023\/07\/transylvania_wilson_feature-1.jpg?resize=525%2C300&ssl=1 1.5x, https:\/\/i0.wp.com\/www.transy.edu\/1780\/wp-content\/uploads\/sites\/14\/2023\/07\/transylvania_wilson_feature-1.jpg?resize=700%2C400&ssl=1 2x, https:\/\/i0.wp.com\/www.transy.edu\/1780\/wp-content\/uploads\/sites\/14\/2023\/07\/transylvania_wilson_feature-1.jpg?resize=1050%2C600&ssl=1 3x"},"classes":[]},{"id":15191,"url":"https:\/\/www.transy.edu\/1780\/2020\/11\/transylvania-study-abroad-director-receives-regional-award-for-helping-prepare-students-for-globalized-world\/","url_meta":{"origin":15131,"position":3},"title":"Transylvania director of global and intercultural engagement  receives regional award for preparing students for interconnected world","author":"John Friedlein","date":"November 17, 2020","format":false,"excerpt":"Courtney Smith, Transylvania's director of global and intercultural engagement, has been recognized as the region's outstanding new professional in the international education field.","rel":"","context":"In &quot;Faculty &amp; Staff&quot;","block_context":{"text":"Faculty &amp; Staff","link":"https:\/\/www.transy.edu\/1780\/category\/faculty-staff\/"},"img":{"alt_text":"smith","src":"https:\/\/i0.wp.com\/www.transy.edu\/1780\/wp-content\/uploads\/sites\/14\/2020\/11\/smith3.jpg?resize=350%2C200&ssl=1","width":350,"height":200,"srcset":"https:\/\/i0.wp.com\/www.transy.edu\/1780\/wp-content\/uploads\/sites\/14\/2020\/11\/smith3.jpg?resize=350%2C200&ssl=1 1x, https:\/\/i0.wp.com\/www.transy.edu\/1780\/wp-content\/uploads\/sites\/14\/2020\/11\/smith3.jpg?resize=525%2C300&ssl=1 1.5x, https:\/\/i0.wp.com\/www.transy.edu\/1780\/wp-content\/uploads\/sites\/14\/2020\/11\/smith3.jpg?resize=700%2C400&ssl=1 2x, https:\/\/i0.wp.com\/www.transy.edu\/1780\/wp-content\/uploads\/sites\/14\/2020\/11\/smith3.jpg?resize=1050%2C600&ssl=1 3x, https:\/\/i0.wp.com\/www.transy.edu\/1780\/wp-content\/uploads\/sites\/14\/2020\/11\/smith3.jpg?resize=1400%2C800&ssl=1 4x"},"classes":[]},{"id":14289,"url":"https:\/\/www.transy.edu\/1780\/2020\/08\/meet-transylvanias-new-study-abroad-peer-ambassadors\/","url_meta":{"origin":15131,"position":4},"title":"Meet Transylvania&#8217;s new study abroad peer ambassadors","author":"The Office of Global and Intercultural Engagement","date":"August 27, 2020","format":false,"excerpt":"Meet Transylvania's study abroad peer ambassadors, who play a vital role in the success of the Office of Global and Intercultural Engagement.","rel":"","context":"In &quot;Academics&quot;","block_context":{"text":"Academics","link":"https:\/\/www.transy.edu\/1780\/category\/academics\/"},"img":{"alt_text":"three students","src":"https:\/\/i0.wp.com\/www.transy.edu\/1780\/wp-content\/uploads\/sites\/14\/2020\/08\/feature3.jpg?resize=350%2C200&ssl=1","width":350,"height":200,"srcset":"https:\/\/i0.wp.com\/www.transy.edu\/1780\/wp-content\/uploads\/sites\/14\/2020\/08\/feature3.jpg?resize=350%2C200&ssl=1 1x, https:\/\/i0.wp.com\/www.transy.edu\/1780\/wp-content\/uploads\/sites\/14\/2020\/08\/feature3.jpg?resize=525%2C300&ssl=1 1.5x, https:\/\/i0.wp.com\/www.transy.edu\/1780\/wp-content\/uploads\/sites\/14\/2020\/08\/feature3.jpg?resize=700%2C400&ssl=1 2x, https:\/\/i0.wp.com\/www.transy.edu\/1780\/wp-content\/uploads\/sites\/14\/2020\/08\/feature3.jpg?resize=1050%2C600&ssl=1 3x, https:\/\/i0.wp.com\/www.transy.edu\/1780\/wp-content\/uploads\/sites\/14\/2020\/08\/feature3.jpg?resize=1400%2C800&ssl=1 4x"},"classes":[]},{"id":7668,"url":"https:\/\/www.transy.edu\/1780\/2019\/09\/transylvania-students-to-learn-about-global-opportunities-at-annual-study-abroad-fair\/","url_meta":{"origin":15131,"position":5},"title":"Transylvania students to learn about global opportunities at annual Study Abroad Fair","author":"Tyler Young","date":"September 4, 2019","format":false,"excerpt":"On Thursday, Sept. 19, Transylvania University students will get a taste of all the opportunities they have to see the world as they study, research and work abroad to expand their horizons and gain valuable experience as global citizens.","rel":"","context":"In &quot;Academics&quot;","block_context":{"text":"Academics","link":"https:\/\/www.transy.edu\/1780\/category\/academics\/"},"img":{"alt_text":"student on camel","src":"https:\/\/i0.wp.com\/www.transy.edu\/1780\/wp-content\/uploads\/sites\/14\/2019\/09\/dakota-on-camel.jpg?resize=350%2C200&ssl=1","width":350,"height":200,"srcset":"https:\/\/i0.wp.com\/www.transy.edu\/1780\/wp-content\/uploads\/sites\/14\/2019\/09\/dakota-on-camel.jpg?resize=350%2C200&ssl=1 1x, https:\/\/i0.wp.com\/www.transy.edu\/1780\/wp-content\/uploads\/sites\/14\/2019\/09\/dakota-on-camel.jpg?resize=525%2C300&ssl=1 1.5x, https:\/\/i0.wp.com\/www.transy.edu\/1780\/wp-content\/uploads\/sites\/14\/2019\/09\/dakota-on-camel.jpg?resize=700%2C400&ssl=1 2x"},"classes":[]}],"_links":{"self":[{"href":"https:\/\/www.transy.edu\/1780\/wp-json\/wp\/v2\/posts\/15131","targetHints":{"allow":["GET"]}}],"collection":[{"href":"https:\/\/www.transy.edu\/1780\/wp-json\/wp\/v2\/posts"}],"about":[{"href":"https:\/\/www.transy.edu\/1780\/wp-json\/wp\/v2\/types\/post"}],"author":[{"embeddable":true,"href":"https:\/\/www.transy.edu\/1780\/wp-json\/wp\/v2\/users\/26"}],"replies":[{"embeddable":true,"href":"https:\/\/www.transy.edu\/1780\/wp-json\/wp\/v2\/comments?post=15131"}],"version-history":[{"count":16,"href":"https:\/\/www.transy.edu\/1780\/wp-json\/wp\/v2\/posts\/15131\/revisions"}],"predecessor-version":[{"id":15157,"href":"https:\/\/www.transy.edu\/1780\/wp-json\/wp\/v2\/posts\/15131\/revisions\/15157"}],"wp:featuredmedia":[{"embeddable":true,"href":"https:\/\/www.transy.edu\/1780\/wp-json\/wp\/v2\/media\/15135"}],"wp:attachment":[{"href":"https:\/\/www.transy.edu\/1780\/wp-json\/wp\/v2\/media?parent=15131"}],"wp:term":[{"taxonomy":"category","embeddable":true,"href":"https:\/\/www.transy.edu\/1780\/wp-json\/wp\/v2\/categories?post=15131"},{"taxonomy":"post_tag","embeddable":true,"href":"https:\/\/www.transy.edu\/1780\/wp-json\/wp\/v2\/tags?post=15131"},{"taxonomy":"feeds","embeddable":true,"href":"https:\/\/www.transy.edu\/1780\/wp-json\/wp\/v2\/feeds?post=15131"}],"curies":[{"name":"wp","href":"https:\/\/api.w.org\/{rel}","templated":true}]}}